{"id":4435,"date":"2023-01-27T09:55:58","date_gmt":"2023-01-27T09:55:58","guid":{"rendered":"https:\/\/kotarteatar.com\/?p=4435"},"modified":"2024-01-24T11:42:40","modified_gmt":"2024-01-24T11:42:40","slug":"2023-2","status":"publish","type":"post","link":"https:\/\/kotarteatar.com\/en\/2023-2\/","title":{"rendered":"2023"},"content":{"rendered":"<div data-elementor-type=\"wp-post\" data-elementor-id=\"4435\" class=\"elementor elementor-4435\" data-elementor-settings=\"[]\">\n\t\t\t\t\t\t<div class=\"elementor-inner\">\n\t\t\t\t\t\t\t<div class=\"elementor-section-wrap\">\n\t\t\t\t\t\t\t<section class=\"elementor-section elementor-top-section elementor-element elementor-element-fd82c90 elementor-section-boxed elementor-section-height-default elementor-section-height-default\" data-id=\"fd82c90\" data-element_type=\"section\">\n\t\t\t\t\t\t<div class=\"elementor-container elementor-column-gap-default\">\n\t\t\t\t\t\t\t<div class=\"elementor-row\">\n\t\t\t\t\t<div class=\"elementor-column elementor-col-100 elementor-top-column elementor-element elementor-element-7f421c6\" data-id=\"7f421c6\" data-element_type=\"column\">\n\t\t\t<div class=\"elementor-column-wrap elementor-element-populated\">\n\t\t\t\t\t\t\t<div class=\"elementor-widget-wrap\">\n\t\t\t\t\t\t<div class=\"elementor-element elementor-element-27e68bf elementor-widget elementor-widget-text-editor\" data-id=\"27e68bf\" data-element_type=\"widget\" data-widget_type=\"text-editor.default\">\n\t\t\t\t<div class=\"elementor-widget-container\">\n\t\t\t\t\t\t\t\t<div class=\"elementor-text-editor elementor-clearfix\">\n\t\t\t\t\t<p><b>SHOWS AND W<span style=\"font-size: 14px; color: var( --e-global-color-text );\">ORKSHOPS<\/span><\/b><\/p><p>207. Seks i glad \/ Fiji grupa \/ otvaranje KotarSEZONE!8<\/p><p>208. Without a third \/ City Theater \"Zorin dom\" Karlovac \/ Kotar SEASON!8 - guest appearance in Delnice<\/p><p>209. Dream hunters \/ LOFT \/ <span style=\"font-family: Roboto, sans-serif; font-size: 14px; font-style: normal; font-variant-ligatures: normal; font-variant-caps: normal; font-weight: 400; color: var( --e-global-color-text );\">Kotar SEASON!8 \u2013<\/span><span style=\"font-size: 14px; color: var( --e-global-color-text );\">\u00a0hosting in Delnice<\/span><\/p><p>210. Mali Tesla \/ Kotar teatar \/ gostovanje predstave u O\u0160 \u0160var\u010da, Karlovac \/ 2 izvedbe predstave<\/p><p>211. R.U.R. \/ Kotar theater \/ hosting of the play at \u0160var\u010da Elementary School, Karlovac \/ 2 performances of the play<\/p><p>212. Mali Tesla \/ Kotar teatar \/ gostovanje predstave u O\u0160 Re\u010dica, Karlovac\/ 2 izvedbe predstave<\/p><p>213. R.U.R. \/ Kotar theater \/ hosting of the play at Elementary School Re\u010dica, Karlovac\/ 2 performances of the play<\/p><p>214. Balloon, letter and paper \/ City Theater \"Zorin dom\" Karlovac \/ <span style=\"font-family: Roboto, sans-serif; font-size: 14px; font-style: normal; font-variant-ligatures: normal; font-variant-caps: normal; font-weight: 400; color: var( --e-global-color-text );\">Kotar SEASON!8 \u2013\u00a0<\/span><span style=\"font-size: 14px; color: var( --e-global-color-text );\">hosting in Delnice<\/span><\/p><p>215. Balloon, letter and paper \/ City Theater \"Zorin dom\" Karlovac \/ <span style=\"font-family: Roboto, sans-serif; font-size: 14px; font-style: normal; font-variant-ligatures: normal; font-variant-caps: normal; font-weight: 400; color: var( --e-global-color-text );\">Kotar SEASON!8 \u2013\u00a0<\/span><span style=\"font-size: 14px; color: var( --e-global-color-text );\">guest appearances in Lokve<\/span><\/p><p>216. Mali Tesla \/ Kotar teatar \/ gostovanje predstave u O\u0160 Bra\u0107a Seljan, Karlovac\/ 2 izvedbe predstave<\/p><p>217. R.U.R. \/ Kotar theater \/ hosting of the play at Bra\u0107a Seljan Primary School, Karlovac\/ 2 performances of the play<\/p><p>218. Vla Vla Vlajland cabaret\/ Moruzgva Theatre\/ <span style=\"font-family: Roboto, sans-serif; font-size: 14px; font-style: normal; font-variant-ligatures: normal; font-variant-caps: normal; font-weight: 400; color: var( --e-global-color-text );\">Kotar SEASON!8 \u2013\u00a0<\/span><span style=\"font-size: 14px; color: var( --e-global-color-text );\">hosting in Delnice<\/span><\/p><p>219. Mali Tesla \/ Kotar teatar \/ gostovanje predstave u O\u0160 Dragojle Jarnevi\u0107, Karlovac\/ izvedbe predstave<\/p><p>220. R.U.R. \/ Kotar theater \/ hosting of the play at Dragojle Jarnevi\u0107 Primary School, Karlovac\/ performance of the play<\/p><p>221. Mali Tesla \/ Kotar teatar \/ gostovanje predstave u O\u0160 Dubovac, Karlovac\/ izvedbe predstave<\/p><p>222. R.U.R. \/ Kotar theater \/ hosting of the play in Dubovac Primary School, Karlovac\/ performance of the play<\/p><p>223. Mali Tesla \/ Kotar teatar \/ gostovanje predstave u O\u0160 Grabrik, Karlovac\/ 2 izvedbe predstave<\/p><p>224. R.U.R. \/ Kotar theater \/ hosting of the play at Grabrik Primary School, Karlovac\/ 2 performances of the play<\/p><p>225. Mali Tesla \/ Kotar teatar \/ gostovanje predstave u O\u0160 Skakavac, Karlovac\/ 2 izvedbe predstave<\/p><p>226. R.U.R. \/ Kotar theater \/ hosting of the play in Skakavac Primary School, Karlovac\/ 2 performances of the play<\/p><p>227. Mali Tesla \/ Kotar teatar \/ gostovanje predstave u O\u0160 dr.Ante Star\u010devi\u0107a, Klanac i O\u0160 dr.Jure Turi\u0107a, Gospi\u0107 \/ 2 izvedbe predstave<\/p><p>228. R.U.R. \/ Kotar theater \/ hosting of the play at Dr. Ante Star\u010devi\u0107 Elementary School, Klanac and Dr. Jure Turi\u0107 Elementary School, Gospi\u0107 \/ 2 performances of the play<\/p><p>229. Mali Tesla \/ Kotar teatar \/ gostovanje predstave u O\u0160 dr.Franjo Tu\u0111man, Li\u010dki Osik i O\u0160 dr.Jure Turi\u0107a, Gospi\u0107 \/ 2 izvedbe predstave<\/p><p>230. R.U.R. \/ Kotar theater \/ hosting of the play at Dr. Franjo Tu\u0111man Elementary School, Li\u010dki Osik and Dr. Jure Turi\u0107 Elementary School, Gospi\u0107 \/ 2 performances of the play<\/p><p style=\"font-variant-ligatures: normal; font-variant-caps: normal; font-family: Roboto, sans-serif; font-size: 14px; font-style: normal; font-weight: 400;\">231. Mali Tesla \/ Kotar teatar \/ gostovanje predstave u O\u0160 Vladimir Nazor, Duga Resa \/ 2 izvedbe predstave<\/p><p style=\"font-variant-ligatures: normal; font-variant-caps: normal; font-family: Roboto, sans-serif; font-size: 14px; font-style: normal; font-weight: 400;\">232. R.U.R. \/ Kotar teatar \/ gostovanje predstave u O\u0160 Vladimir Nazor, Duga Resa \/ 2 izvedbe predstave<\/p><p style=\"font-variant-ligatures: normal; font-variant-caps: normal; font-family: Roboto, sans-serif; font-size: 14px; font-style: normal; font-weight: 400;\">233. Mali Tesla \/ Kotar teatar \/ gostovanje predstave u O\u0160 Ivan Goran Kova\u010di\u0107, Duga Resa \/ 2 izvedbe predstave<\/p><p style=\"font-variant-ligatures: normal; font-variant-caps: normal; font-family: Roboto, sans-serif; font-size: 14px; font-style: normal; font-weight: 400;\">234. R.U.R. \/ Kotar theater \/ hosting of the play at Ivan Goran Kova\u010di\u0107 elementary school, Duga Resa \/ 2 performances of the play<\/p><p style=\"font-variant-ligatures: normal; font-variant-caps: normal; font-family: Roboto, sans-serif; font-size: 14px; font-style: normal; font-weight: 400;\">235. Old school of crack \/ UO Rima Street \/ <span style=\"font-family: Roboto, sans-serif; font-size: 14px; font-style: normal; font-variant-ligatures: normal; font-variant-caps: normal; font-weight: 400; color: var( --e-global-color-text );\">Kotar SEASON!8 \u2013\u00a0<\/span><span style=\"font-family: Roboto, sans-serif; font-size: 14px; font-style: normal; font-variant-ligatures: normal; font-variant-caps: normal; font-weight: 400; color: var( --e-global-color-text );\">hosting the play in Delnice<\/span><\/p><p style=\"font-variant-ligatures: normal; font-variant-caps: normal; font-family: Roboto, sans-serif; font-size: 14px; font-style: normal; font-weight: 400;\">236. Mali Tesla \/ Kotar teatar \/ gostovanje predstave u Prvoj osnovnoj \u0161koli, Ogulin \/ 2 izvedbe predstave<\/p><p style=\"font-variant-ligatures: normal; font-variant-caps: normal; font-family: Roboto, sans-serif; font-size: 14px; font-style: normal; font-weight: 400;\">237. R.U.R. \/ Kotar theater \/ guest performance of the play at the First Elementary School, Ogulin \/ 2 performances of the play<\/p><p style=\"font-variant-ligatures: normal; font-variant-caps: normal; font-family: Roboto, sans-serif; font-size: 14px; font-style: normal; font-weight: 400;\">238. Mali Tesla \/ Kotar teatar \/ gostovanje predstave u O\u0160 Ivane Brli\u0107-Ma\u017eurani\u0107, Ogulin \/ 2 izvedbe predstave<\/p><p style=\"font-variant-ligatures: normal; font-variant-caps: normal; font-family: Roboto, sans-serif; font-size: 14px; font-style: normal; font-weight: 400;\">239. R.U.R. \/ Kotar theater \/ hosting of the play in elementary school <span style=\"font-family: Roboto, sans-serif; font-size: 14px; font-style: normal; font-variant-ligatures: normal; font-variant-caps: normal; font-weight: 400;\">Ivane Brli\u0107-Ma\u017eurani\u0107, Ogulin<\/span>\u00a0\/ 2 performances of the play<\/p><p style=\"font-variant-ligatures: normal; font-variant-caps: normal; font-family: Roboto, sans-serif; font-size: 14px; font-style: normal; font-weight: 400;\">240. Dream hunters \/ LOFT \/ Kotar SEASON!8 \u2013 guest appearance in Ravna Gora<\/p><p style=\"font-variant-ligatures: normal; font-variant-caps: normal; font-family: Roboto, sans-serif; font-size: 14px; font-style: normal; font-weight: 400;\">241. Lila \/ LOFT &amp; CLOU \/ Kotar SEASON!8 \u2013 guest appearance in Fu\u017eine<\/p><p style=\"font-variant-ligatures: normal; font-variant-caps: normal; font-family: Roboto, sans-serif; font-size: 14px; font-style: normal; font-weight: 400;\">242. Low impulses and high heels \/ Cirk Pozor Theater \/ Kotar SEASON!8 \u2013 guest appearance in Delnice<\/p><p>243. Pra\u010dovjek \/ Gradsko kazali\u0161te &#8220;Zorin dom&#8221; Karlovac \/ Kotar SEZONA!8 &#8211; gostovanje u Mrkoplju<\/p><p>244. 7.Festival glupih viceva \/ Kotar teatar \/gostovanje u Ple\u0161cima<\/p><p>245. Potonu\u0107e Titanika\/ Ludens teatar \/ Kotar SEZONA!8 &#8211; gostovanje u Delnicama<\/p><p>246. Vuka se ne bojim ja \/ Kazali\u0161na dru\u017eina Pinklec &#8211; Centar za kulturu \u010cakovec \/ Kotar SEZONA!8 &#8211; gostovanje u Ravnoj Gori<\/p><p>247. Vuka se ne bojim ja \/ Kazali\u0161na dru\u017eina Pinklec &#8211; Centar za kulturu \u010cakovec \/ Kotar SEZONA!8 &#8211; gostovanje u Vrbovskom<\/p><p>248. Zaboravi na Dulcineu \/ Triko Cirkus teatar &amp; Cirk Pozor &amp; UO Canta \/ Lektira na 100 na\u010dina &#8211; gostovanje u Delnicama<\/p><p>249. Niske pobude i visoke peta \/ Cirk Pozor \/ predstava i cirkuska radionica u sklopu Dje\u010djeg tjedna &#8211; gostovanje u Lokvama<\/p><p>250. Potraga za Frankopanskim blagom \/ Kotar teatar &amp; Gradsko kazali\u0161te &#8220;Zorin dom&#8221; Karlovac \/ Praizvedba predstave u Tr\u0161\u0107u<\/p><p style=\"font-variant-ligatures: normal; font-variant-caps: normal; font-family: Roboto, sans-serif; font-size: 14px; font-style: normal; font-weight: 400;\"><span style=\"font-family: Roboto, sans-serif; font-size: 14px; font-style: normal; font-variant-ligatures: normal; font-variant-caps: normal; font-weight: 400;\">251. Potraga za Frankopanskim blagom \/ Kotar teatar &amp; Gradsko kazali\u0161te &#8220;Zorin dom&#8221; Karlovac \/ Premijera predstave u Brodu na Kupi<\/span><b><span style=\"font-size: 14px; color: var( --e-global-color-text );\"><br \/><\/span><\/b><\/p><p style=\"font-variant-ligatures: normal; font-variant-caps: normal; font-family: Roboto, sans-serif; font-size: 14px; font-style: normal; font-weight: 400;\"><span style=\"font-family: Roboto, sans-serif; font-size: 14px; font-style: normal; font-variant-ligatures: normal; font-variant-caps: normal; font-weight: 400;\">252. \u010covjek koji se bojao zaspati \/ Kotar tetara \/ izvedba predstave u Delnicama<\/span><\/p><p style=\"font-variant-ligatures: normal; font-variant-caps: normal; font-family: Roboto, sans-serif; font-size: 14px; font-style: normal; font-weight: 400;\"><span style=\"font-family: Roboto, sans-serif; font-size: 14px; font-style: normal; font-variant-ligatures: normal; font-variant-caps: normal; font-weight: 400;\">253. Lutkofor \/ Gradsko kazali\u0161te lutaka Rijeka \/ Kotar SEZONA!8 &#8211; gostovanje u Gerovu<\/span><\/p><p>254. <span style=\"font-family: Roboto, sans-serif; font-size: 14px; font-style: normal; font-variant-ligatures: normal; font-variant-caps: normal; font-weight: 400;\">Potraga za Frankopanskim blagom \/ Kotar teatar &amp; Gradsko kazali\u0161te &#8220;Zorin dom&#8221; Karlovac \/ gostovanje u Skradu<\/span><\/p><p>255. Cr\u010dak i mravi \/ Teatar OZ \/ Kotar SEZONA!8 &#8211; gostovanje u Brod Moravicama<\/p><p>256. Super GORAN! \/ Kotar teatar \/ izvedba predstave u Delnicama<\/p><p>257. Super GORAN! \/ Kotar teatar \/ izvedba predstave u Delnicama<\/p><p>258. Super GORAN! \/ Kotar teatar \/ gostovanje u Srednjoj \u0161koli Vladimira Nazor u \u010cabru<\/p><p>259. Super GORAN! \/ Kotar teatar \/ gostovanje u Gradskoj knji\u017enici Ivan Goran Kova\u010di\u0107 u Moravicama<\/p><p>260. Super GORAN! \/ Kotar teatar \/ gostovanje u Gradskoj knji\u017enici Ivan Goran Kova\u010di\u0107 u Moravicama<\/p><p>261. Super GORAN! \/ Kotar teatar \/ gostovanje u Etno zbirci &#8220;Pal\u010deva \u0161i\u0161a&#8221; u Ple\u0161cima<\/p><p>262. \u010covjek koji se bojao zaspati \/ Kotar teatar \/ gostovanje predstave u Tr\u0161\u0107u &#8211; No\u0107 kazali\u0161ta<\/p><p>263. Potraga za Frankopanskim blagom \/ <span style=\"font-family: Roboto, sans-serif; font-size: 14px; font-style: normal; font-variant-ligatures: normal; font-variant-caps: normal; font-weight: 400;\">Kotar teatar &amp; Gradsko kazali\u0161te &#8220;Zorin dom&#8221; Karlovac \/ gostovanje u Moravicama &#8211; Dan Pere Kvrgi\u0107a<\/span>\u00a0<\/p><p>264. Pra\u010dovjek \/ <span style=\"font-family: Roboto, sans-serif; font-size: 14px; font-style: normal; font-variant-ligatures: normal; font-variant-caps: normal; font-weight: 400;\">Zakon teatar \/ gostovanje u Moravicama &#8211; Dan Pere Kvrgi\u0107a<\/span>\u00a0<\/p><p style=\"font-variant-ligatures: normal; font-variant-caps: normal; font-family: Roboto, sans-serif; font-size: 14px; font-style: normal; font-weight: 400;\"><b><span style=\"font-size: 14px; color: var( --e-global-color-text );\">RADIONICE I POPRATNI SADR\u017dAJ<\/span><\/b><\/p><p>265. Preobra\u017eaj u teatru sijena \/ Kotar teatar \/ radionica za mlade u Delnicama \/ Lektira na 100 na\u010dina<\/p><p>266. Werther u digitalnom svijetu \/ Kotar teatar \/ radionica za mlade u Delnicama \/ Lektira na 100 na\u010dina<\/p><p>267. Legende Gorskog kotara u lutkarskim tehnikama \/ Kotar teatar i Hrvatski centar UNIMA \/ radionica za djecu u Delnicama<\/p><p>268. Koncert klasi\u010dne glazbe &#8220;Ususret prolje\u0107u&#8221; \/ koncert sestri Tuhtan u Delnica<\/p><p>269. Predstavljanje knjige Davora Grguri\u0107a \/ Gradska knji\u017enica Janet Majnarich<\/p><p>270. Lektra na 100 na\u010dina \/ odlazak u\u010denika u HNK Ivana plemenitog Zajca, Rijeka \/ predstava Decameron<b><\/b><\/p><p>271. Susret stru\u010dnog vje\u0107a srednjo\u0161kolskih knji\u017eni\u010dara Primorsko-goranske \u017eupanije \/ predstavljanje projekta &#8220;Lektira na 100 na\u010dina&#8221;\u00a0<\/p><p>272. Uli\u010dna umjetnost na periferiji \/ Cirk Pozor &amp; Kotar teatar \/ radionica uli\u010dne umjetnosti u Delnicama<\/p><p>273. Uli\u010dna umjetnost na periferiji \/ Cirk Pozor &amp; Kotar teatar \/ radionica uli\u010dne umjetnosti u \u010cabru<\/p><p>274. Radionica izra\u0111ivanja maski \/ Kotar teatar \/ radionica za djecu u sklopu Dje\u010djeg tjedna u Lokvama<\/p><p>275. Dramska radionica \/ Kotar teatar \/ radionica za djecu u sklopu Dje\u010djeg tjedna u Lokvama<\/p><p>276. \u010cudnovata istina \/ Kotar teatar \/ radionica za djecu u sklopu Dje\u010djeg tjedna u Lokvama \/ Lektira na 100 na\u010dina<\/p><p>277. Werther u digitalnom svijetu \/ Kotar teatar \/ radionica za mlade u Delnicama \/ Lektira na 100 na\u010dina<\/p><p>278. Werther u digitalnom svijetu \/ Kotar teatar \/ radionica za mlade u Delnicama \/ Lektira na 100 na\u010dina<\/p><p>279. Lutkofor \/ Gradsko kazali\u0161te lutaka Rijeka \/ <span style=\"font-family: Roboto, sans-serif; font-size: 14px; font-style: normal; font-variant-ligatures: normal; font-variant-caps: normal; font-weight: 400; color: var( --e-global-color-text );\">radionica za djecu u Gerovu \/ Kotar SEZONA!8<\/span><\/p><p><span style=\"font-family: Roboto, sans-serif; font-size: 14px; font-style: normal; font-variant-ligatures: normal; font-variant-caps: normal; font-weight: 400; color: var( --e-global-color-text );\">280. Dramska radionica za Osnovnu \u0161kolu Ivan Goran Kova\u010di\u0107 Delnice \/ Kotar teatar \/ Delni\u010dka Adventska bajka<\/span><\/p><p><span style=\"font-family: Roboto, sans-serif; font-size: 14px; font-style: normal; font-variant-ligatures: normal; font-variant-caps: normal; font-weight: 400;\">281. Kreativna radionica za djecu \/ Kotar teatar \/ Delni\u010dka Adventska bajka<\/span><span style=\"font-family: Roboto, sans-serif; font-size: 14px; font-style: normal; font-variant-ligatures: normal; font-variant-caps: normal; font-weight: 400; color: var( --e-global-color-text );\"><br \/><\/span><\/p>\t\t\t\t\t<\/div>\n\t\t\t\t\t\t<\/div>\n\t\t\t\t<\/div>\n\t\t\t\t<div class=\"elementor-element elementor-element-8e9adf8 elementor-widget elementor-widget-gallery\" data-id=\"8e9adf8\" data-element_type=\"widget\" data-settings=\"{&quot;lazyload&quot;:&quot;yes&quot;,&quot;gallery_layout&quot;:&quot;grid&quot;,&quot;columns&quot;:4,&quot;columns_tablet&quot;:2,&quot;columns_mobile&quot;:1,&quot;gap&quot;:{&quot;unit&quot;:&quot;px&quot;,&quot;size&quot;:10,&quot;sizes&quot;:[]},&quot;gap_tablet&quot;:{&quot;unit&quot;:&quot;px&quot;,&quot;size&quot;:10,&quot;sizes&quot;:[]},&quot;gap_mobile&quot;:{&quot;unit&quot;:&quot;px&quot;,&quot;size&quot;:10,&quot;sizes&quot;:[]},&quot;link_to&quot;:&quot;file&quot;,&quot;aspect_ratio&quot;:&quot;3:2&quot;,&quot;overlay_background&quot;:&quot;yes&quot;,&quot;content_hover_animation&quot;:&quot;fade-in&quot;}\" data-widget_type=\"gallery.default\">\n\t\t\t\t<div class=\"elementor-widget-container\">\n\t\t\t\t\t<div class=\"elementor-gallery__container\">\n\t\t\t\t\t\t\t<a class=\"e-gallery-item elementor-gallery-item elementor-animated-content\" href=\"https:\/\/kotarteatar.com\/wp-content\/uploads\/2023\/05\/331245222_970970943868046_7888527207035544724_n.jpg\" data-elementor-open-lightbox=\"yes\" data-elementor-lightbox-slideshow=\"all-8e9adf8\" data-elementor-lightbox-title=\"Gostovanje predstave &quot;Seks i glad&quot; u Delnicama - otvaranje SEZONE!8\">\n\t\t\t\t\t<div class=\"e-gallery-image elementor-gallery-item__image\" data-thumbnail=\"https:\/\/kotarteatar.com\/wp-content\/uploads\/2023\/05\/331245222_970970943868046_7888527207035544724_n-300x120.jpg\" data-width=\"300\" data-height=\"120\" alt=\"\" ><\/div>\n\t\t\t\t\t\t\t\t\t\t<div class=\"elementor-gallery-item__overlay\"><\/div>\n\t\t\t\t\t\t\t\t\t\t\t\t\t\t<\/a>\n\t\t\t\t\t\t\t<a class=\"e-gallery-item elementor-gallery-item elementor-animated-content\" href=\"https:\/\/kotarteatar.com\/wp-content\/uploads\/2023\/05\/330958720_1350167519082584_8859035326682264455_n.jpg\" data-elementor-open-lightbox=\"yes\" data-elementor-lightbox-slideshow=\"all-8e9adf8\" data-elementor-lightbox-title=\"Otvaranje Kotar SEZONE!8\">\n\t\t\t\t\t<div class=\"e-gallery-image elementor-gallery-item__image\" data-thumbnail=\"https:\/\/kotarteatar.com\/wp-content\/uploads\/2023\/05\/330958720_1350167519082584_8859035326682264455_n-300x225.jpg\" data-width=\"300\" data-height=\"225\" alt=\"\" ><\/div>\n\t\t\t\t\t\t\t\t\t\t<div class=\"elementor-gallery-item__overlay\"><\/div>\n\t\t\t\t\t\t\t\t\t\t\t\t\t\t<\/a>\n\t\t\t\t\t\t\t<a class=\"e-gallery-item elementor-gallery-item elementor-animated-content\" href=\"https:\/\/kotarteatar.com\/wp-content\/uploads\/2023\/07\/HRT-Radio-Rijeka-otvaranje-SEZONE8.png\" data-elementor-open-lightbox=\"yes\" data-elementor-lightbox-slideshow=\"all-8e9adf8\" data-elementor-lightbox-title=\"HRT-Radio Rijeka - otvaranje SEZONE!8\">\n\t\t\t\t\t<div class=\"e-gallery-image elementor-gallery-item__image\" data-thumbnail=\"https:\/\/kotarteatar.com\/wp-content\/uploads\/2023\/07\/HRT-Radio-Rijeka-otvaranje-SEZONE8-179x300.png\" data-width=\"179\" data-height=\"300\" alt=\"\" ><\/div>\n\t\t\t\t\t\t\t\t\t\t<div class=\"elementor-gallery-item__overlay\"><\/div>\n\t\t\t\t\t\t\t\t\t\t\t\t\t\t<\/a>\n\t\t\t\t\t\t\t<a class=\"e-gallery-item elementor-gallery-item elementor-animated-content\" href=\"https:\/\/kotarteatar.com\/wp-content\/uploads\/2023\/07\/Novi-list-clanak-Seks-i-glad.png.jpg\" data-elementor-open-lightbox=\"yes\" data-elementor-lightbox-slideshow=\"all-8e9adf8\" data-elementor-lightbox-title=\"Novi list - \u010dlanak Seks i glad.png\">\n\t\t\t\t\t<div class=\"e-gallery-image elementor-gallery-item__image\" data-thumbnail=\"https:\/\/kotarteatar.com\/wp-content\/uploads\/2023\/07\/Novi-list-clanak-Seks-i-glad.png-300x250.jpg\" data-width=\"300\" data-height=\"250\" alt=\"\" ><\/div>\n\t\t\t\t\t\t\t\t\t\t<div class=\"elementor-gallery-item__overlay\"><\/div>\n\t\t\t\t\t\t\t\t\t\t\t\t\t\t<\/a>\n\t\t\t\t\t\t\t<a class=\"e-gallery-item elementor-gallery-item elementor-animated-content\" href=\"https:\/\/kotarteatar.com\/wp-content\/uploads\/2023\/07\/Radio-Gorski-kotsr-najava-otvaranja-Kotar-SEZONE8.png\" data-elementor-open-lightbox=\"yes\" data-elementor-lightbox-slideshow=\"all-8e9adf8\" data-elementor-lightbox-title=\"Radio Gorski kotsr - najava otvaranja Kotar SEZONE!8\">\n\t\t\t\t\t<div class=\"e-gallery-image elementor-gallery-item__image\" data-thumbnail=\"https:\/\/kotarteatar.com\/wp-content\/uploads\/2023\/07\/Radio-Gorski-kotsr-najava-otvaranja-Kotar-SEZONE8-300x135.png\" data-width=\"300\" data-height=\"135\" alt=\"\" ><\/div>\n\t\t\t\t\t\t\t\t\t\t<div class=\"elementor-gallery-item__overlay\"><\/div>\n\t\t\t\t\t\t\t\t\t\t\t\t\t\t<\/a>\n\t\t\t\t\t\t\t<a class=\"e-gallery-item elementor-gallery-item elementor-animated-content\" href=\"https:\/\/kotarteatar.com\/wp-content\/uploads\/2023\/11\/Gostovanje-predstave-Vla-vla-vlajland-cabaret-Kotar-SEZONA8.jpg\" data-elementor-open-lightbox=\"yes\" data-elementor-lightbox-slideshow=\"all-8e9adf8\" data-elementor-lightbox-title=\"Gostovanje predstave Vla vla vlajland cabaret - Kotar SEZONA!8\">\n\t\t\t\t\t<div class=\"e-gallery-image elementor-gallery-item__image\" data-thumbnail=\"https:\/\/kotarteatar.com\/wp-content\/uploads\/2023\/11\/Gostovanje-predstave-Vla-vla-vlajland-cabaret-Kotar-SEZONA8-300x225.jpg\" data-width=\"300\" data-height=\"225\" alt=\"\" ><\/div>\n\t\t\t\t\t\t\t\t\t\t<div class=\"elementor-gallery-item__overlay\"><\/div>\n\t\t\t\t\t\t\t\t\t\t\t\t\t\t<\/a>\n\t\t\t\t\t\t\t<a class=\"e-gallery-item elementor-gallery-item elementor-animated-content\" href=\"https:\/\/kotarteatar.com\/wp-content\/uploads\/2023\/05\/335410274_3105519819748731_9119982770436083138_n.jpg\" data-elementor-open-lightbox=\"yes\" data-elementor-lightbox-slideshow=\"all-8e9adf8\" data-elementor-lightbox-title=\"Gostovanje predstave &quot;Bez tre\u0107ega&quot;\">\n\t\t\t\t\t<div class=\"e-gallery-image elementor-gallery-item__image\" data-thumbnail=\"https:\/\/kotarteatar.com\/wp-content\/uploads\/2023\/05\/335410274_3105519819748731_9119982770436083138_n-300x123.jpg\" data-width=\"300\" data-height=\"123\" alt=\"\" ><\/div>\n\t\t\t\t\t\t\t\t\t\t<div class=\"elementor-gallery-item__overlay\"><\/div>\n\t\t\t\t\t\t\t\t\t\t\t\t\t\t<\/a>\n\t\t\t\t\t\t\t<a class=\"e-gallery-item elementor-gallery-item elementor-animated-content\" href=\"https:\/\/kotarteatar.com\/wp-content\/uploads\/2023\/07\/Novi-list-clanak-Bez-trecega.png\" data-elementor-open-lightbox=\"yes\" data-elementor-lightbox-slideshow=\"all-8e9adf8\" data-elementor-lightbox-title=\"Novi list - \u010dlanak Bez tre\u0107ega\">\n\t\t\t\t\t<div class=\"e-gallery-image elementor-gallery-item__image\" data-thumbnail=\"https:\/\/kotarteatar.com\/wp-content\/uploads\/2023\/07\/Novi-list-clanak-Bez-trecega-300x110.png\" data-width=\"300\" data-height=\"110\" alt=\"\" ><\/div>\n\t\t\t\t\t\t\t\t\t\t<div class=\"elementor-gallery-item__overlay\"><\/div>\n\t\t\t\t\t\t\t\t\t\t\t\t\t\t<\/a>\n\t\t\t\t\t\t\t<a class=\"e-gallery-item elementor-gallery-item elementor-animated-content\" href=\"https:\/\/kotarteatar.com\/wp-content\/uploads\/2023\/05\/342192450_526749026334554_1670943139978869203_n.jpg\" data-elementor-open-lightbox=\"yes\" data-elementor-lightbox-slideshow=\"all-8e9adf8\" data-elementor-lightbox-title=\"Predstava &quot;R.U.R. - Rossumovi univerzalni roboti&quot;\">\n\t\t\t\t\t<div class=\"e-gallery-image elementor-gallery-item__image\" data-thumbnail=\"https:\/\/kotarteatar.com\/wp-content\/uploads\/2023\/05\/342192450_526749026334554_1670943139978869203_n-300x212.jpg\" data-width=\"300\" data-height=\"212\" alt=\"\" ><\/div>\n\t\t\t\t\t\t\t\t\t\t<div class=\"elementor-gallery-item__overlay\"><\/div>\n\t\t\t\t\t\t\t\t\t\t\t\t\t\t<\/a>\n\t\t\t\t\t\t\t<a class=\"e-gallery-item elementor-gallery-item elementor-animated-content\" href=\"https:\/\/kotarteatar.com\/wp-content\/uploads\/2023\/05\/341696926_1002932747408749_7671361552546900742_n.jpg\" data-elementor-open-lightbox=\"yes\" data-elementor-lightbox-slideshow=\"all-8e9adf8\" data-elementor-lightbox-title=\"Predstava &quot;Mali Tesla&quot;\">\n\t\t\t\t\t<div class=\"e-gallery-image elementor-gallery-item__image\" data-thumbnail=\"https:\/\/kotarteatar.com\/wp-content\/uploads\/2023\/05\/341696926_1002932747408749_7671361552546900742_n-300x207.jpg\" data-width=\"300\" data-height=\"207\" alt=\"\" ><\/div>\n\t\t\t\t\t\t\t\t\t\t<div class=\"elementor-gallery-item__overlay\"><\/div>\n\t\t\t\t\t\t\t\t\t\t\t\t\t\t<\/a>\n\t\t\t\t\t\t\t<a class=\"e-gallery-item elementor-gallery-item elementor-animated-content\" href=\"https:\/\/kotarteatar.com\/wp-content\/uploads\/2023\/07\/Web-stranica-projekta-Karijera-i-ja.png\" data-elementor-open-lightbox=\"yes\" data-elementor-lightbox-slideshow=\"all-8e9adf8\" data-elementor-lightbox-title=\"Web stranica projekta Karijera i ja\">\n\t\t\t\t\t<div class=\"e-gallery-image elementor-gallery-item__image\" data-thumbnail=\"https:\/\/kotarteatar.com\/wp-content\/uploads\/2023\/07\/Web-stranica-projekta-Karijera-i-ja-300x300.png\" data-width=\"300\" data-height=\"300\" alt=\"\" ><\/div>\n\t\t\t\t\t\t\t\t\t\t<div class=\"elementor-gallery-item__overlay\"><\/div>\n\t\t\t\t\t\t\t\t\t\t\t\t\t\t<\/a>\n\t\t\t\t\t\t\t<a class=\"e-gallery-item elementor-gallery-item elementor-animated-content\" href=\"https:\/\/kotarteatar.com\/wp-content\/uploads\/2023\/07\/Novi-list-clanak.png\" data-elementor-open-lightbox=\"yes\" data-elementor-lightbox-slideshow=\"all-8e9adf8\" data-elementor-lightbox-title=\"Novi list - \u010dlanak\">\n\t\t\t\t\t<div class=\"e-gallery-image elementor-gallery-item__image\" data-thumbnail=\"https:\/\/kotarteatar.com\/wp-content\/uploads\/2023\/07\/Novi-list-clanak-300x288.png\" data-width=\"300\" data-height=\"288\" alt=\"\" ><\/div>\n\t\t\t\t\t\t\t\t\t\t<div class=\"elementor-gallery-item__overlay\"><\/div>\n\t\t\t\t\t\t\t\t\t\t\t\t\t\t<\/a>\n\t\t\t\t\t\t\t<a class=\"e-gallery-item elementor-gallery-item elementor-animated-content\" href=\"https:\/\/kotarteatar.com\/wp-content\/uploads\/2023\/07\/Gostovanje-predstave-Lovci-na-snove-u-Delnicama.jpg\" data-elementor-open-lightbox=\"yes\" data-elementor-lightbox-slideshow=\"all-8e9adf8\" data-elementor-lightbox-title=\"Gostovanje predstave Lovci na snove u Delnicama\">\n\t\t\t\t\t<div class=\"e-gallery-image elementor-gallery-item__image\" data-thumbnail=\"https:\/\/kotarteatar.com\/wp-content\/uploads\/2023\/07\/Gostovanje-predstave-Lovci-na-snove-u-Delnicama-300x225.jpg\" data-width=\"300\" data-height=\"225\" alt=\"\" ><\/div>\n\t\t\t\t\t\t\t\t\t\t<div class=\"elementor-gallery-item__overlay\"><\/div>\n\t\t\t\t\t\t\t\t\t\t\t\t\t\t<\/a>\n\t\t\t\t\t\t\t<a class=\"e-gallery-item elementor-gallery-item elementor-animated-content\" href=\"https:\/\/kotarteatar.com\/wp-content\/uploads\/2023\/07\/Blon-slovo-i-papir-u-Delnicama.jpg\" data-elementor-open-lightbox=\"yes\" data-elementor-lightbox-slideshow=\"all-8e9adf8\" data-elementor-lightbox-title=\"Gostovanje predstave Balon, slovo i papir u Delnicama\">\n\t\t\t\t\t<div class=\"e-gallery-image elementor-gallery-item__image\" data-thumbnail=\"https:\/\/kotarteatar.com\/wp-content\/uploads\/2023\/07\/Blon-slovo-i-papir-u-Delnicama-225x300.jpg\" data-width=\"225\" data-height=\"300\" alt=\"\" ><\/div>\n\t\t\t\t\t\t\t\t\t\t<div class=\"elementor-gallery-item__overlay\"><\/div>\n\t\t\t\t\t\t\t\t\t\t\t\t\t\t<\/a>\n\t\t\t\t\t\t\t<a class=\"e-gallery-item elementor-gallery-item elementor-animated-content\" href=\"https:\/\/kotarteatar.com\/wp-content\/uploads\/2023\/07\/Gostovanje-predstave-Blon-slovo-i-papir-u-Lokvama.jpg\" data-elementor-open-lightbox=\"yes\" data-elementor-lightbox-slideshow=\"all-8e9adf8\" data-elementor-lightbox-title=\"Gostovanje predstave Balon, slovo i papir u Lokvama\">\n\t\t\t\t\t<div class=\"e-gallery-image elementor-gallery-item__image\" data-thumbnail=\"https:\/\/kotarteatar.com\/wp-content\/uploads\/2023\/07\/Gostovanje-predstave-Blon-slovo-i-papir-u-Lokvama-300x169.jpg\" data-width=\"300\" data-height=\"169\" alt=\"\" ><\/div>\n\t\t\t\t\t\t\t\t\t\t<div class=\"elementor-gallery-item__overlay\"><\/div>\n\t\t\t\t\t\t\t\t\t\t\t\t\t\t<\/a>\n\t\t\t\t\t\t\t<a class=\"e-gallery-item elementor-gallery-item elementor-animated-content\" href=\"https:\/\/kotarteatar.com\/wp-content\/uploads\/2023\/05\/342738688_246912081236896_360361286667462353_n.jpg\" data-elementor-open-lightbox=\"yes\" data-elementor-lightbox-slideshow=\"all-8e9adf8\" data-elementor-lightbox-title=\"Gostovanje predstave &quot;Vla vla vlajland cabaret&quot; u sklopu Kotar SEZONE!8\">\n\t\t\t\t\t<div class=\"e-gallery-image elementor-gallery-item__image\" data-thumbnail=\"https:\/\/kotarteatar.com\/wp-content\/uploads\/2023\/05\/342738688_246912081236896_360361286667462353_n-225x300.jpg\" data-width=\"225\" data-height=\"300\" alt=\"\" ><\/div>\n\t\t\t\t\t\t\t\t\t\t<div class=\"elementor-gallery-item__overlay\"><\/div>\n\t\t\t\t\t\t\t\t\t\t\t\t\t\t<\/a>\n\t\t\t\t\t\t\t<a class=\"e-gallery-item elementor-gallery-item elementor-animated-content\" href=\"https:\/\/kotarteatar.com\/wp-content\/uploads\/2023\/05\/342497132_196953742804862_5958375929874855943_n.jpg\" data-elementor-open-lightbox=\"yes\" data-elementor-lightbox-slideshow=\"all-8e9adf8\" data-elementor-lightbox-title=\"Gostovanje predstave &quot;Vla vla vlajland cabaret&quot; u Delnicama\">\n\t\t\t\t\t<div class=\"e-gallery-image elementor-gallery-item__image\" data-thumbnail=\"https:\/\/kotarteatar.com\/wp-content\/uploads\/2023\/05\/342497132_196953742804862_5958375929874855943_n-300x225.jpg\" data-width=\"300\" data-height=\"225\" alt=\"\" ><\/div>\n\t\t\t\t\t\t\t\t\t\t<div class=\"elementor-gallery-item__overlay\"><\/div>\n\t\t\t\t\t\t\t\t\t\t\t\t\t\t<\/a>\n\t\t\t\t\t\t\t<a class=\"e-gallery-item elementor-gallery-item elementor-animated-content\" href=\"https:\/\/kotarteatar.com\/wp-content\/uploads\/2023\/05\/336771147_138621275560679_4387879951195505329_n.jpg\" data-elementor-open-lightbox=\"yes\" data-elementor-lightbox-slideshow=\"all-8e9adf8\" data-elementor-lightbox-title=\"Lektira na 100 na\u010dina\">\n\t\t\t\t\t<div class=\"e-gallery-image elementor-gallery-item__image\" data-thumbnail=\"https:\/\/kotarteatar.com\/wp-content\/uploads\/2023\/05\/336771147_138621275560679_4387879951195505329_n-300x225.jpg\" data-width=\"300\" data-height=\"225\" alt=\"\" ><\/div>\n\t\t\t\t\t\t\t\t\t\t<div class=\"elementor-gallery-item__overlay\"><\/div>\n\t\t\t\t\t\t\t\t\t\t\t\t\t\t<\/a>\n\t\t\t\t\t\t\t<a class=\"e-gallery-item elementor-gallery-item elementor-animated-content\" href=\"https:\/\/kotarteatar.com\/wp-content\/uploads\/2023\/05\/331577599_583020583867588_2110274457080262808_n.jpg\" data-elementor-open-lightbox=\"yes\" data-elementor-lightbox-slideshow=\"all-8e9adf8\" data-elementor-lightbox-title=\"Lektira na 100 na\u010dina\">\n\t\t\t\t\t<div class=\"e-gallery-image elementor-gallery-item__image\" data-thumbnail=\"https:\/\/kotarteatar.com\/wp-content\/uploads\/2023\/05\/331577599_583020583867588_2110274457080262808_n-300x225.jpg\" data-width=\"300\" data-height=\"225\" alt=\"\" ><\/div>\n\t\t\t\t\t\t\t\t\t\t<div class=\"elementor-gallery-item__overlay\"><\/div>\n\t\t\t\t\t\t\t\t\t\t\t\t\t\t<\/a>\n\t\t\t\t\t\t\t<a class=\"e-gallery-item elementor-gallery-item elementor-animated-content\" href=\"https:\/\/kotarteatar.com\/wp-content\/uploads\/2023\/07\/Gostovanje-predstava-Stara-skola-kreka-u-Delnicama-2.jpg\" data-elementor-open-lightbox=\"yes\" data-elementor-lightbox-slideshow=\"all-8e9adf8\" data-elementor-lightbox-title=\"Gostovanje predstava Stara \u0161kola Kreka u Delnicama (2)\">\n\t\t\t\t\t<div class=\"e-gallery-image elementor-gallery-item__image\" data-thumbnail=\"https:\/\/kotarteatar.com\/wp-content\/uploads\/2023\/07\/Gostovanje-predstava-Stara-skola-kreka-u-Delnicama-2-300x262.jpg\" data-width=\"300\" data-height=\"262\" alt=\"\" ><\/div>\n\t\t\t\t\t\t\t\t\t\t<div class=\"elementor-gallery-item__overlay\"><\/div>\n\t\t\t\t\t\t\t\t\t\t\t\t\t\t<\/a>\n\t\t\t\t\t\t\t<a class=\"e-gallery-item elementor-gallery-item elementor-animated-content\" href=\"https:\/\/kotarteatar.com\/wp-content\/uploads\/2023\/07\/Gostovanje-predstava-Stara-skola-kreka-u-Delnicama.jpg\" data-elementor-open-lightbox=\"yes\" data-elementor-lightbox-slideshow=\"all-8e9adf8\" data-elementor-lightbox-title=\"Gostovanje predstava Stara \u0161kola Kreka u Delnicama\">\n\t\t\t\t\t<div class=\"e-gallery-image elementor-gallery-item__image\" data-thumbnail=\"https:\/\/kotarteatar.com\/wp-content\/uploads\/2023\/07\/Gostovanje-predstava-Stara-skola-kreka-u-Delnicama-300x259.jpg\" data-width=\"300\" data-height=\"259\" alt=\"\" ><\/div>\n\t\t\t\t\t\t\t\t\t\t<div class=\"elementor-gallery-item__overlay\"><\/div>\n\t\t\t\t\t\t\t\t\t\t\t\t\t\t<\/a>\n\t\t\t\t\t\t\t<a class=\"e-gallery-item elementor-gallery-item elementor-animated-content\" href=\"https:\/\/kotarteatar.com\/wp-content\/uploads\/2023\/07\/Novi-list-clanak-Stara-skola-kreka.png\" data-elementor-open-lightbox=\"yes\" data-elementor-lightbox-slideshow=\"all-8e9adf8\" data-elementor-lightbox-title=\"Novi list - \u010dlanak Stara \u0161kola Kreka\">\n\t\t\t\t\t<div class=\"e-gallery-image elementor-gallery-item__image\" data-thumbnail=\"https:\/\/kotarteatar.com\/wp-content\/uploads\/2023\/07\/Novi-list-clanak-Stara-skola-kreka-277x300.png\" data-width=\"277\" data-height=\"300\" alt=\"\" ><\/div>\n\t\t\t\t\t\t\t\t\t\t<div class=\"elementor-gallery-item__overlay\"><\/div>\n\t\t\t\t\t\t\t\t\t\t\t\t\t\t<\/a>\n\t\t\t\t\t\t\t<a class=\"e-gallery-item elementor-gallery-item elementor-animated-content\" href=\"https:\/\/kotarteatar.com\/wp-content\/uploads\/2023\/07\/Lektira-na-100-nacina-posjet-ucenika-HKN-Rijeka.jpg\" data-elementor-open-lightbox=\"yes\" data-elementor-lightbox-slideshow=\"all-8e9adf8\" data-elementor-lightbox-title=\"Lektira na 100 na\u010dina - posjet u\u010denika HKN Rijeka\">\n\t\t\t\t\t<div class=\"e-gallery-image elementor-gallery-item__image\" data-thumbnail=\"https:\/\/kotarteatar.com\/wp-content\/uploads\/2023\/07\/Lektira-na-100-nacina-posjet-ucenika-HKN-Rijeka-300x225.jpg\" data-width=\"300\" data-height=\"225\" alt=\"\" ><\/div>\n\t\t\t\t\t\t\t\t\t\t<div class=\"elementor-gallery-item__overlay\"><\/div>\n\t\t\t\t\t\t\t\t\t\t\t\t\t\t<\/a>\n\t\t\t\t\t\t\t<a class=\"e-gallery-item elementor-gallery-item elementor-animated-content\" href=\"https:\/\/kotarteatar.com\/wp-content\/uploads\/2023\/07\/Gostovanje-predstaveLovci-na-snove-u-Ravnoj-Gori.jpg\" data-elementor-open-lightbox=\"yes\" data-elementor-lightbox-slideshow=\"all-8e9adf8\" data-elementor-lightbox-title=\"Gostovanje predstaveLovci na snove u Ravnoj Gori\">\n\t\t\t\t\t<div class=\"e-gallery-image elementor-gallery-item__image\" data-thumbnail=\"https:\/\/kotarteatar.com\/wp-content\/uploads\/2023\/07\/Gostovanje-predstaveLovci-na-snove-u-Ravnoj-Gori-300x169.jpg\" data-width=\"300\" data-height=\"169\" alt=\"\" ><\/div>\n\t\t\t\t\t\t\t\t\t\t<div class=\"elementor-gallery-item__overlay\"><\/div>\n\t\t\t\t\t\t\t\t\t\t\t\t\t\t<\/a>\n\t\t\t\t\t\t\t<a class=\"e-gallery-item elementor-gallery-item elementor-animated-content\" href=\"https:\/\/kotarteatar.com\/wp-content\/uploads\/2023\/07\/357410891_747469797379906_6486053978692869161_n.jpg\" data-elementor-open-lightbox=\"yes\" data-elementor-lightbox-slideshow=\"all-8e9adf8\" data-elementor-lightbox-title=\"Lektira na 100 na\u010dina - Susret stru\u010dnog vije\u0107a srednjo\u0161kolskih knji\u017eni\u010dara Primorsko-goranske \u017eupanije\">\n\t\t\t\t\t<div class=\"e-gallery-image elementor-gallery-item__image\" data-thumbnail=\"https:\/\/kotarteatar.com\/wp-content\/uploads\/2023\/07\/357410891_747469797379906_6486053978692869161_n-300x238.jpg\" data-width=\"300\" data-height=\"238\" alt=\"\" ><\/div>\n\t\t\t\t\t\t\t\t\t\t<div class=\"elementor-gallery-item__overlay\"><\/div>\n\t\t\t\t\t\t\t\t\t\t\t\t\t\t<\/a>\n\t\t\t\t\t\t\t<a class=\"e-gallery-item elementor-gallery-item elementor-animated-content\" href=\"https:\/\/kotarteatar.com\/wp-content\/uploads\/2023\/07\/Novi-list-clanak-Susret-srednjoskolskih-knjiznicara-PGZ.png\" data-elementor-open-lightbox=\"yes\" data-elementor-lightbox-slideshow=\"all-8e9adf8\" data-elementor-lightbox-title=\"Novi list - \u010dlanak Susret srednjo\u0161kolskih knji\u017eni\u010dara PG\u017d\">\n\t\t\t\t\t<div class=\"e-gallery-image elementor-gallery-item__image\" data-thumbnail=\"https:\/\/kotarteatar.com\/wp-content\/uploads\/2023\/07\/Novi-list-clanak-Susret-srednjoskolskih-knjiznicara-PGZ-300x226.png\" data-width=\"300\" data-height=\"226\" alt=\"\" ><\/div>\n\t\t\t\t\t\t\t\t\t\t<div class=\"elementor-gallery-item__overlay\"><\/div>\n\t\t\t\t\t\t\t\t\t\t\t\t\t\t<\/a>\n\t\t\t\t\t\t\t<a class=\"e-gallery-item elementor-gallery-item elementor-animated-content\" href=\"https:\/\/kotarteatar.com\/wp-content\/uploads\/2023\/07\/Gostovanje-predstave-Lila-u-Fuzinama-scaled.jpg\" data-elementor-open-lightbox=\"yes\" data-elementor-lightbox-slideshow=\"all-8e9adf8\" data-elementor-lightbox-title=\"Gostovanje predstave Lila u Fu\u017einama\">\n\t\t\t\t\t<div class=\"e-gallery-image elementor-gallery-item__image\" data-thumbnail=\"https:\/\/kotarteatar.com\/wp-content\/uploads\/2023\/07\/Gostovanje-predstave-Lila-u-Fuzinama-300x169.jpg\" data-width=\"300\" data-height=\"169\" alt=\"\" ><\/div>\n\t\t\t\t\t\t\t\t\t\t<div class=\"elementor-gallery-item__overlay\"><\/div>\n\t\t\t\t\t\t\t\t\t\t\t\t\t\t<\/a>\n\t\t\t\t\t\t\t<a class=\"e-gallery-item elementor-gallery-item elementor-animated-content\" href=\"https:\/\/kotarteatar.com\/wp-content\/uploads\/2023\/07\/Gostovanje-pretave-Niske-pobude-i-visoke-pete-u-Delnicma.jpg\" data-elementor-open-lightbox=\"yes\" data-elementor-lightbox-slideshow=\"all-8e9adf8\" data-elementor-lightbox-title=\"Gostovanje pretave Niske pobude i visoke pete u Delnicma\">\n\t\t\t\t\t<div class=\"e-gallery-image elementor-gallery-item__image\" data-thumbnail=\"https:\/\/kotarteatar.com\/wp-content\/uploads\/2023\/07\/Gostovanje-pretave-Niske-pobude-i-visoke-pete-u-Delnicma-300x169.jpg\" data-width=\"300\" data-height=\"169\" alt=\"\" ><\/div>\n\t\t\t\t\t\t\t\t\t\t<div class=\"elementor-gallery-item__overlay\"><\/div>\n\t\t\t\t\t\t\t\t\t\t\t\t\t\t<\/a>\n\t\t\t\t\t\t\t<a class=\"e-gallery-item elementor-gallery-item elementor-animated-content\" href=\"https:\/\/kotarteatar.com\/wp-content\/uploads\/2023\/07\/Ulicna-umjetnost-na-periferiji-u-Delnicama.jpg\" data-elementor-open-lightbox=\"yes\" data-elementor-lightbox-slideshow=\"all-8e9adf8\" data-elementor-lightbox-title=\"Uli\u010dna umjetnost na periferiji u Delnicama\">\n\t\t\t\t\t<div class=\"e-gallery-image elementor-gallery-item__image\" data-thumbnail=\"https:\/\/kotarteatar.com\/wp-content\/uploads\/2023\/07\/Ulicna-umjetnost-na-periferiji-u-Delnicama-300x225.jpg\" data-width=\"300\" data-height=\"225\" alt=\"\" ><\/div>\n\t\t\t\t\t\t\t\t\t\t<div class=\"elementor-gallery-item__overlay\"><\/div>\n\t\t\t\t\t\t\t\t\t\t\t\t\t\t<\/a>\n\t\t\t\t\t\t\t<a class=\"e-gallery-item elementor-gallery-item elementor-animated-content\" href=\"https:\/\/kotarteatar.com\/wp-content\/uploads\/2023\/07\/Novi-list-clanak-Ulicna-umjetnost-na-periferiji.jpg\" data-elementor-open-lightbox=\"yes\" data-elementor-lightbox-slideshow=\"all-8e9adf8\" data-elementor-lightbox-title=\"Novi list - \u010dlanak Uli\u010dna umjetnost na periferiji\">\n\t\t\t\t\t<div class=\"e-gallery-image elementor-gallery-item__image\" data-thumbnail=\"https:\/\/kotarteatar.com\/wp-content\/uploads\/2023\/07\/Novi-list-clanak-Ulicna-umjetnost-na-periferiji-300x237.jpg\" data-width=\"300\" data-height=\"237\" alt=\"\" ><\/div>\n\t\t\t\t\t\t\t\t\t\t<div class=\"elementor-gallery-item__overlay\"><\/div>\n\t\t\t\t\t\t\t\t\t\t\t\t\t\t<\/a>\n\t\t\t\t\t\t\t<a class=\"e-gallery-item elementor-gallery-item elementor-animated-content\" href=\"https:\/\/kotarteatar.com\/wp-content\/uploads\/2023\/07\/Ulicna-umjetnost-na-periferiji-u-Cabru.jpg\" data-elementor-open-lightbox=\"yes\" data-elementor-lightbox-slideshow=\"all-8e9adf8\" data-elementor-lightbox-title=\"Uli\u010dna umjetnost na periferiji u \u010cabru\">\n\t\t\t\t\t<div class=\"e-gallery-image elementor-gallery-item__image\" data-thumbnail=\"https:\/\/kotarteatar.com\/wp-content\/uploads\/2023\/07\/Ulicna-umjetnost-na-periferiji-u-Cabru-300x225.jpg\" data-width=\"300\" data-height=\"225\" alt=\"\" ><\/div>\n\t\t\t\t\t\t\t\t\t\t<div class=\"elementor-gallery-item__overlay\"><\/div>\n\t\t\t\t\t\t\t\t\t\t\t\t\t\t<\/a>\n\t\t\t\t\t\t\t<a class=\"e-gallery-item elementor-gallery-item elementor-animated-content\" href=\"https:\/\/kotarteatar.com\/wp-content\/uploads\/2023\/11\/FGV7-gostovanje-u-Plescima-dan-grad-Cabra.jpg\" data-elementor-open-lightbox=\"yes\" data-elementor-lightbox-slideshow=\"all-8e9adf8\" data-elementor-lightbox-title=\"FGV7 - gostovanje u Ple\u0161cima - dan grad \u010cabra\">\n\t\t\t\t\t<div class=\"e-gallery-image elementor-gallery-item__image\" data-thumbnail=\"https:\/\/kotarteatar.com\/wp-content\/uploads\/2023\/11\/FGV7-gostovanje-u-Plescima-dan-grad-Cabra-169x300.jpg\" data-width=\"169\" data-height=\"300\" alt=\"\" ><\/div>\n\t\t\t\t\t\t\t\t\t\t<div class=\"elementor-gallery-item__overlay\"><\/div>\n\t\t\t\t\t\t\t\t\t\t\t\t\t\t<\/a>\n\t\t\t\t\t\t\t<a class=\"e-gallery-item elementor-gallery-item elementor-animated-content\" href=\"https:\/\/kotarteatar.com\/wp-content\/uploads\/2023\/11\/Gostovanje-predstave-Potonuce-Titanika-u-Delnicama-u-sklopu-Kotar-SEZONE8.jpg\" data-elementor-open-lightbox=\"yes\" data-elementor-lightbox-slideshow=\"all-8e9adf8\" data-elementor-lightbox-title=\"Gostovanje predstave Potonu\u0107e Titanika u Delnicama u sklopu Kotar SEZONE!8\">\n\t\t\t\t\t<div class=\"e-gallery-image elementor-gallery-item__image\" data-thumbnail=\"https:\/\/kotarteatar.com\/wp-content\/uploads\/2023\/11\/Gostovanje-predstave-Potonuce-Titanika-u-Delnicama-u-sklopu-Kotar-SEZONE8-300x169.jpg\" data-width=\"300\" data-height=\"169\" alt=\"\" ><\/div>\n\t\t\t\t\t\t\t\t\t\t<div class=\"elementor-gallery-item__overlay\"><\/div>\n\t\t\t\t\t\t\t\t\t\t\t\t\t\t<\/a>\n\t\t\t\t\t\t\t<a class=\"e-gallery-item elementor-gallery-item elementor-animated-content\" href=\"https:\/\/kotarteatar.com\/wp-content\/uploads\/2023\/11\/Gostovanje-predstave-Pracovjek-u-Mrkoplju-u-sklopu-Kotar-SEZONE8.jpg\" data-elementor-open-lightbox=\"yes\" data-elementor-lightbox-slideshow=\"all-8e9adf8\" data-elementor-lightbox-title=\"Gostovanje predstave Pra\u010dovjek u Mrkoplju u sklopu Kotar SEZONE!8\">\n\t\t\t\t\t<div class=\"e-gallery-image elementor-gallery-item__image\" data-thumbnail=\"https:\/\/kotarteatar.com\/wp-content\/uploads\/2023\/11\/Gostovanje-predstave-Pracovjek-u-Mrkoplju-u-sklopu-Kotar-SEZONE8-300x169.jpg\" data-width=\"300\" data-height=\"169\" alt=\"\" ><\/div>\n\t\t\t\t\t\t\t\t\t\t<div class=\"elementor-gallery-item__overlay\"><\/div>\n\t\t\t\t\t\t\t\t\t\t\t\t\t\t<\/a>\n\t\t\t\t\t\t\t<a class=\"e-gallery-item elementor-gallery-item elementor-animated-content\" href=\"https:\/\/kotarteatar.com\/wp-content\/uploads\/2023\/11\/Djecji-tjedan-u-Lokvama.jpg\" data-elementor-open-lightbox=\"yes\" data-elementor-lightbox-slideshow=\"all-8e9adf8\" data-elementor-lightbox-title=\"Dje\u010dji tjedan u Lokvama\">\n\t\t\t\t\t<div class=\"e-gallery-image elementor-gallery-item__image\" data-thumbnail=\"https:\/\/kotarteatar.com\/wp-content\/uploads\/2023\/11\/Djecji-tjedan-u-Lokvama-300x169.jpg\" data-width=\"300\" data-height=\"169\" alt=\"\" ><\/div>\n\t\t\t\t\t\t\t\t\t\t<div class=\"elementor-gallery-item__overlay\"><\/div>\n\t\t\t\t\t\t\t\t\t\t\t\t\t\t<\/a>\n\t\t\t\t\t\t\t<a class=\"e-gallery-item elementor-gallery-item elementor-animated-content\" href=\"https:\/\/kotarteatar.com\/wp-content\/uploads\/2023\/11\/Gostovanje-predstave-Zaboravi-na-Dulcineu-u-Delnicama-u-sklopu-Lektira-na-100-nacina.jpg\" data-elementor-open-lightbox=\"yes\" data-elementor-lightbox-slideshow=\"all-8e9adf8\" data-elementor-lightbox-title=\"Gostovanje predstave Zaboravi na Dulcineu u Delnicama u sklopu Lektira na 100 na\u010dina\">\n\t\t\t\t\t<div class=\"e-gallery-image elementor-gallery-item__image\" data-thumbnail=\"https:\/\/kotarteatar.com\/wp-content\/uploads\/2023\/11\/Gostovanje-predstave-Zaboravi-na-Dulcineu-u-Delnicama-u-sklopu-Lektira-na-100-nacina-300x169.jpg\" data-width=\"300\" data-height=\"169\" alt=\"\" ><\/div>\n\t\t\t\t\t\t\t\t\t\t<div class=\"elementor-gallery-item__overlay\"><\/div>\n\t\t\t\t\t\t\t\t\t\t\t\t\t\t<\/a>\n\t\t\t\t\t\t\t<a class=\"e-gallery-item elementor-gallery-item elementor-animated-content\" href=\"https:\/\/kotarteatar.com\/wp-content\/uploads\/2023\/11\/Novi-list-clanak-1.jpg\" data-elementor-open-lightbox=\"yes\" data-elementor-lightbox-slideshow=\"all-8e9adf8\" data-elementor-lightbox-title=\"Novi list - \u010dlanak\">\n\t\t\t\t\t<div class=\"e-gallery-image elementor-gallery-item__image\" data-thumbnail=\"https:\/\/kotarteatar.com\/wp-content\/uploads\/2023\/11\/Novi-list-clanak-1-300x139.jpg\" data-width=\"300\" data-height=\"139\" alt=\"\" ><\/div>\n\t\t\t\t\t\t\t\t\t\t<div class=\"elementor-gallery-item__overlay\"><\/div>\n\t\t\t\t\t\t\t\t\t\t\t\t\t\t<\/a>\n\t\t\t\t\t\t\t<a class=\"e-gallery-item elementor-gallery-item elementor-animated-content\" href=\"https:\/\/kotarteatar.com\/wp-content\/uploads\/2023\/11\/Lektira-na-100-nacina-1.jpg\" data-elementor-open-lightbox=\"yes\" data-elementor-lightbox-slideshow=\"all-8e9adf8\" data-elementor-lightbox-title=\"Lektira na 100 na\u010dina\">\n\t\t\t\t\t<div class=\"e-gallery-image elementor-gallery-item__image\" data-thumbnail=\"https:\/\/kotarteatar.com\/wp-content\/uploads\/2023\/11\/Lektira-na-100-nacina-1-300x169.jpg\" data-width=\"300\" data-height=\"169\" alt=\"\" ><\/div>\n\t\t\t\t\t\t\t\t\t\t<div class=\"elementor-gallery-item__overlay\"><\/div>\n\t\t\t\t\t\t\t\t\t\t\t\t\t\t<\/a>\n\t\t\t\t\t\t\t<a class=\"e-gallery-item elementor-gallery-item elementor-animated-content\" href=\"https:\/\/kotarteatar.com\/wp-content\/uploads\/2023\/11\/Praizvedba-predstave-Potraga-za-Frankopanskim-blagom-u-Trscu..jpg\" data-elementor-open-lightbox=\"yes\" data-elementor-lightbox-slideshow=\"all-8e9adf8\" data-elementor-lightbox-title=\"Praizvedba predstave Potraga za Frankopanskim blagom u Tr\u0161\u0107u.\">\n\t\t\t\t\t<div class=\"e-gallery-image elementor-gallery-item__image\" data-thumbnail=\"https:\/\/kotarteatar.com\/wp-content\/uploads\/2023\/11\/Praizvedba-predstave-Potraga-za-Frankopanskim-blagom-u-Trscu.-300x251.jpg\" data-width=\"300\" data-height=\"251\" alt=\"\" ><\/div>\n\t\t\t\t\t\t\t\t\t\t<div class=\"elementor-gallery-item__overlay\"><\/div>\n\t\t\t\t\t\t\t\t\t\t\t\t\t\t<\/a>\n\t\t\t\t\t\t\t<a class=\"e-gallery-item elementor-gallery-item elementor-animated-content\" href=\"https:\/\/kotarteatar.com\/wp-content\/uploads\/2023\/11\/Praizvedba-predstave-Potraga-za-Frankopanskim-blagom-u-Trscu.jpg\" data-elementor-open-lightbox=\"yes\" data-elementor-lightbox-slideshow=\"all-8e9adf8\" data-elementor-lightbox-title=\"Praizvedba predstave Potraga za Frankopanskim blagom u Tr\u0161\u0107u\">\n\t\t\t\t\t<div class=\"e-gallery-image elementor-gallery-item__image\" data-thumbnail=\"https:\/\/kotarteatar.com\/wp-content\/uploads\/2023\/11\/Praizvedba-predstave-Potraga-za-Frankopanskim-blagom-u-Trscu-300x200.jpg\" data-width=\"300\" data-height=\"200\" alt=\"\" ><\/div>\n\t\t\t\t\t\t\t\t\t\t<div class=\"elementor-gallery-item__overlay\"><\/div>\n\t\t\t\t\t\t\t\t\t\t\t\t\t\t<\/a>\n\t\t\t\t\t\t\t<a class=\"e-gallery-item elementor-gallery-item elementor-animated-content\" href=\"https:\/\/kotarteatar.com\/wp-content\/uploads\/2023\/11\/Covjek-koji-se-bojao-zaspati-izvedba-u-Delnicama.jpg\" data-elementor-open-lightbox=\"yes\" data-elementor-lightbox-slideshow=\"all-8e9adf8\" data-elementor-lightbox-title=\"\u010covjek koji se bojao zaspati - izvedba u Delnicama\">\n\t\t\t\t\t<div class=\"e-gallery-image elementor-gallery-item__image\" data-thumbnail=\"https:\/\/kotarteatar.com\/wp-content\/uploads\/2023\/11\/Covjek-koji-se-bojao-zaspati-izvedba-u-Delnicama-200x300.jpg\" data-width=\"200\" data-height=\"300\" alt=\"\" ><\/div>\n\t\t\t\t\t\t\t\t\t\t<div class=\"elementor-gallery-item__overlay\"><\/div>\n\t\t\t\t\t\t\t\t\t\t\t\t\t\t<\/a>\n\t\t\t\t\t\t\t<a class=\"e-gallery-item elementor-gallery-item elementor-animated-content\" href=\"https:\/\/kotarteatar.com\/wp-content\/uploads\/2024\/01\/Foto-1-scaled.jpg\" data-elementor-open-lightbox=\"yes\" data-elementor-lightbox-slideshow=\"all-8e9adf8\" data-elementor-lightbox-title=\"Anketno istra\u017eivanje u Radni\u010dkom domu Delnice\">\n\t\t\t\t\t<div class=\"e-gallery-image elementor-gallery-item__image\" data-thumbnail=\"https:\/\/kotarteatar.com\/wp-content\/uploads\/2024\/01\/Foto-1-300x258.jpg\" data-width=\"300\" data-height=\"258\" alt=\"\" ><\/div>\n\t\t\t\t\t\t\t\t\t\t<div class=\"elementor-gallery-item__overlay\"><\/div>\n\t\t\t\t\t\t\t\t\t\t\t\t\t\t<\/a>\n\t\t\t\t\t\t\t<a class=\"e-gallery-item elementor-gallery-item elementor-animated-content\" href=\"https:\/\/kotarteatar.com\/wp-content\/uploads\/2024\/01\/dan-pere-kvrgica-4.jpg\" data-elementor-open-lightbox=\"yes\" data-elementor-lightbox-slideshow=\"all-8e9adf8\" data-elementor-lightbox-title=\"Dan Pere Kvrgi\u0107a u Moravicama\">\n\t\t\t\t\t<div class=\"e-gallery-image elementor-gallery-item__image\" data-thumbnail=\"https:\/\/kotarteatar.com\/wp-content\/uploads\/2024\/01\/dan-pere-kvrgica-4-300x169.jpg\" data-width=\"300\" data-height=\"169\" alt=\"\" ><\/div>\n\t\t\t\t\t\t\t\t\t\t<div class=\"elementor-gallery-item__overlay\"><\/div>\n\t\t\t\t\t\t\t\t\t\t\t\t\t\t<\/a>\n\t\t\t\t\t\t\t<a class=\"e-gallery-item elementor-gallery-item elementor-animated-content\" href=\"https:\/\/kotarteatar.com\/wp-content\/uploads\/2024\/01\/407290648_10232315517934658_4645688032690322469_n.jpg\" data-elementor-open-lightbox=\"yes\" data-elementor-lightbox-slideshow=\"all-8e9adf8\" data-elementor-lightbox-title=\"Izvedba predstave &quot;Pra\u010dovjek&quot; u Moraicama\">\n\t\t\t\t\t<div class=\"e-gallery-image elementor-gallery-item__image\" data-thumbnail=\"https:\/\/kotarteatar.com\/wp-content\/uploads\/2024\/01\/407290648_10232315517934658_4645688032690322469_n-300x200.jpg\" data-width=\"300\" data-height=\"200\" alt=\"\" ><\/div>\n\t\t\t\t\t\t\t\t\t\t<div class=\"elementor-gallery-item__overlay\"><\/div>\n\t\t\t\t\t\t\t\t\t\t\t\t\t\t<\/a>\n\t\t\t\t\t\t\t<a class=\"e-gallery-item elementor-gallery-item elementor-animated-content\" href=\"https:\/\/kotarteatar.com\/wp-content\/uploads\/2024\/01\/402880756_844980397628845_2132436027974511505_n.jpg\" data-elementor-open-lightbox=\"yes\" data-elementor-lightbox-slideshow=\"all-8e9adf8\" data-elementor-lightbox-title=\"Super GORAN! - izvedba u Delnicama\">\n\t\t\t\t\t<div class=\"e-gallery-image elementor-gallery-item__image\" data-thumbnail=\"https:\/\/kotarteatar.com\/wp-content\/uploads\/2024\/01\/402880756_844980397628845_2132436027974511505_n-300x220.jpg\" data-width=\"300\" data-height=\"220\" alt=\"\" ><\/div>\n\t\t\t\t\t\t\t\t\t\t<div class=\"elementor-gallery-item__overlay\"><\/div>\n\t\t\t\t\t\t\t\t\t\t\t\t\t\t<\/a>\n\t\t\t\t\t\t\t<a class=\"e-gallery-item elementor-gallery-item elementor-animated-content\" href=\"https:\/\/kotarteatar.com\/wp-content\/uploads\/2024\/01\/399874853_835475391912679_1911401729995764879_n.jpg\" data-elementor-open-lightbox=\"yes\" data-elementor-lightbox-slideshow=\"all-8e9adf8\" data-elementor-lightbox-title=\"Lutkofor u Gerovu\">\n\t\t\t\t\t<div class=\"e-gallery-image elementor-gallery-item__image\" data-thumbnail=\"https:\/\/kotarteatar.com\/wp-content\/uploads\/2024\/01\/399874853_835475391912679_1911401729995764879_n-300x169.jpg\" data-width=\"300\" data-height=\"169\" alt=\"\" ><\/div>\n\t\t\t\t\t\t\t\t\t\t<div class=\"elementor-gallery-item__overlay\"><\/div>\n\t\t\t\t\t\t\t\t\t\t\t\t\t\t<\/a>\n\t\t\t\t\t<\/div>\n\t\t\t<\/div>\n\t\t\t\t<\/div>\n\t\t\t\t\t\t<\/div>\n\t\t\t\t\t<\/div>\n\t\t<\/div>\n\t\t\t\t\t\t\t\t<\/div>\n\t\t\t\t\t<\/div>\n\t\t<\/section>\n\t\t\t\t\t\t<\/div>\n\t\t\t\t\t\t<\/div>\n\t\t\t\t\t<\/div>","protected":false},"excerpt":{"rendered":"<p>PREDSTAVE I RADIONICE 207. Seks i glad \/ Fiji grupa \/ otvaranje KotarSEZONE!8 208. Bez tre\u0107ega \/ Gradsko kazali\u0161te &#8220;Zorin dom&#8221; Karlovac \/ Kotar SEZONA!8 &#8211; gostovanje u Delnicama 209. Lovci na snove \/ LOFT \/ Kotar SEZONA!8 &#8211;\u00a0gostovanje u Delnicama 210. Mali Tesla \/ Kotar teatar \/ gostovanje predstave u O\u0160 \u0160var\u010da, Karlovac \/ [&hellip;]<\/p>","protected":false},"author":1,"featured_media":0,"comment_status":"open","ping_status":"open","sticky":false,"template":"","format":"standard","meta":[],"categories":[28],"tags":[],"_links":{"self":[{"href":"https:\/\/kotarteatar.com\/en\/wp-json\/wp\/v2\/posts\/4435"}],"collection":[{"href":"https:\/\/kotarteatar.com\/en\/wp-json\/wp\/v2\/posts"}],"about":[{"href":"https:\/\/kotarteatar.com\/en\/wp-json\/wp\/v2\/types\/post"}],"author":[{"embeddable":true,"href":"https:\/\/kotarteatar.com\/en\/wp-json\/wp\/v2\/users\/1"}],"replies":[{"embeddable":true,"href":"https:\/\/kotarteatar.com\/en\/wp-json\/wp\/v2\/comments?post=4435"}],"version-history":[{"count":112,"href":"https:\/\/kotarteatar.com\/en\/wp-json\/wp\/v2\/posts\/4435\/revisions"}],"predecessor-version":[{"id":5490,"href":"https:\/\/kotarteatar.com\/en\/wp-json\/wp\/v2\/posts\/4435\/revisions\/5490"}],"wp:attachment":[{"href":"https:\/\/kotarteatar.com\/en\/wp-json\/wp\/v2\/media?parent=4435"}],"wp:term":[{"taxonomy":"category","embeddable":true,"href":"https:\/\/kotarteatar.com\/en\/wp-json\/wp\/v2\/categories?post=4435"},{"taxonomy":"post_tag","embeddable":true,"href":"https:\/\/kotarteatar.com\/en\/wp-json\/wp\/v2\/tags?post=4435"}],"curies":[{"name":"wp","href":"https:\/\/api.w.org\/{rel}","templated":true}]}}